{"id":687,"date":"2021-12-02T10:10:09","date_gmt":"2021-12-02T09:10:09","guid":{"rendered":"https:\/\/www.absaroka-ip.com\/?p=687"},"modified":"2021-12-02T10:10:09","modified_gmt":"2021-12-02T09:10:09","slug":"exporter-dans-lunion-europeenne","status":"publish","type":"post","link":"https:\/\/www.absaroka-ip.com\/can\/exporter-dans-lunion-europeenne\/","title":{"rendered":"EXPORTER DANS L&#8217;UNION EUROPEENNE"},"content":{"rendered":"<p>ABSAROKA\u00a0 interviendra le 9 d\u00e9cembre lors du webinaire organis\u00e9 par DEL AGGLO de Longueuil, au cot\u00e9 de DESJARDINS sur le th\u00e8me de la PI en Europe:<\/p>\n<p>https:\/\/www.linkedin.com\/posts\/del-bras-droit-en-affaires_9-d%C3%A9cembre-%C3%A0-10h-gratuit-activity-6870050409583665152-L3ZK<\/p>\n<p>&nbsp;<\/p>\n<p>&nbsp;<\/p>\n","protected":false},"excerpt":{"rendered":"<p>ABSAROKA\u00a0 interviendra le 9 d\u00e9cembre lors du webinaire organis\u00e9 par DEL AGGLO de Longueuil, au cot\u00e9 de DESJARDINS sur le th\u00e8me de la PI en Europe: https:\/\/www.linkedin.com\/posts\/del-bras-droit-en-affaires_9-d%C3%A9cembre-%C3%A0-10h-gratuit-activity-6870050409583665152-L3ZK &nbsp; &nbsp;<\/p>\n","protected":false},"author":2,"featured_media":0,"comment_status":"closed","ping_status":"open","sticky":false,"template":"","format":"standard","meta":{"footnotes":""},"class_list":["post-687","post","type-post","status-publish","format-standard","hentry"],"yoast_head":"<!-- This site is optimized with the Yoast SEO plugin v26.3 - https:\/\/yoast.com\/wordpress\/plugins\/seo\/ -->\n<title>EXPORTER DANS L&#039;UNION EUROPEENNE - Absakorba<\/title>\n<meta name=\"description\" content=\"ABSAROKA\u00a0 interviendra le 9 d\u00e9cembre lors du webinaire organis\u00e9 par DEL AGGLO de Longueuil, au cot\u00e9 de DESJARDINS sur le th\u00e8me de la PI en Europe:\" \/>\n<meta name=\"robots\" content=\"index, follow, max-snippet:-1, max-image-preview:large, max-video-preview:-1\" \/>\n<link rel=\"canonical\" href=\"https:\/\/www.absaroka-ip.com\/can\/exporter-dans-lunion-europeenne\/\" \/>\n<meta property=\"og:locale\" content=\"en_US\" \/>\n<meta property=\"og:type\" content=\"article\" \/>\n<meta property=\"og:title\" content=\"EXPORTER DANS L&#039;UNION EUROPEENNE - Absakorba\" \/>\n<meta property=\"og:description\" content=\"ABSAROKA\u00a0 interviendra le 9 d\u00e9cembre lors du webinaire organis\u00e9 par DEL AGGLO de Longueuil, au cot\u00e9 de DESJARDINS sur le th\u00e8me de la PI en Europe:\" \/>\n<meta property=\"og:url\" content=\"https:\/\/www.absaroka-ip.com\/can\/exporter-dans-lunion-europeenne\/\" \/>\n<meta property=\"og:site_name\" content=\"Absakorba\" \/>\n<meta property=\"article:published_time\" content=\"2021-12-02T09:10:09+00:00\" \/>\n<meta property=\"og:image\" content=\"https:\/\/www.absaroka-ip.com\/wp-content\/uploads\/2016\/06\/logo.png\" \/>\n\t<meta property=\"og:image:width\" content=\"906\" \/>\n\t<meta property=\"og:image:height\" content=\"491\" \/>\n\t<meta property=\"og:image:type\" content=\"image\/png\" \/>\n<meta name=\"author\" content=\"Jean Decorps\" \/>\n<meta name=\"twitter:card\" content=\"summary_large_image\" \/>\n<meta name=\"twitter:label1\" content=\"Written by\" \/>\n\t<meta name=\"twitter:data1\" content=\"Jean Decorps\" \/>\n\t<meta name=\"twitter:label2\" content=\"Est. reading time\" \/>\n\t<meta name=\"twitter:data2\" content=\"1 minute\" \/>\n<script type=\"application\/ld+json\" class=\"yoast-schema-graph\">{\"@context\":\"https:\/\/schema.org\",\"@graph\":[{\"@type\":\"WebPage\",\"@id\":\"https:\/\/www.absaroka-ip.com\/can\/exporter-dans-lunion-europeenne\/\",\"url\":\"https:\/\/www.absaroka-ip.com\/can\/exporter-dans-lunion-europeenne\/\",\"name\":\"EXPORTER DANS L'UNION EUROPEENNE - Absakorba\",\"isPartOf\":{\"@id\":\"https:\/\/www.absaroka-ip.com\/can\/#website\"},\"datePublished\":\"2021-12-02T09:10:09+00:00\",\"author\":{\"@id\":\"https:\/\/www.absaroka-ip.com\/can\/#\/schema\/person\/52316efc92a6205a2e8dd2125b38f72e\"},\"description\":\"ABSAROKA\u00a0 interviendra le 9 d\u00e9cembre lors du webinaire organis\u00e9 par DEL AGGLO de Longueuil, au cot\u00e9 de DESJARDINS sur le th\u00e8me de la PI en Europe:\",\"breadcrumb\":{\"@id\":\"https:\/\/www.absaroka-ip.com\/can\/exporter-dans-lunion-europeenne\/#breadcrumb\"},\"inLanguage\":\"en-CA\",\"potentialAction\":[{\"@type\":\"ReadAction\",\"target\":[\"https:\/\/www.absaroka-ip.com\/can\/exporter-dans-lunion-europeenne\/\"]}]},{\"@type\":\"BreadcrumbList\",\"@id\":\"https:\/\/www.absaroka-ip.com\/can\/exporter-dans-lunion-europeenne\/#breadcrumb\",\"itemListElement\":[{\"@type\":\"ListItem\",\"position\":1,\"name\":\"Accueil\",\"item\":\"https:\/\/www.absaroka-ip.com\/can\/\"},{\"@type\":\"ListItem\",\"position\":2,\"name\":\"EXPORTER DANS L&#8217;UNION EUROPEENNE\"}]},{\"@type\":\"WebSite\",\"@id\":\"https:\/\/www.absaroka-ip.com\/can\/#website\",\"url\":\"https:\/\/www.absaroka-ip.com\/can\/\",\"name\":\"Absakorba\",\"description\":\"Un projet durable c\u2019est celui qui sait pr\u00e9server sa force une fois au grand jour.\",\"potentialAction\":[{\"@type\":\"SearchAction\",\"target\":{\"@type\":\"EntryPoint\",\"urlTemplate\":\"https:\/\/www.absaroka-ip.com\/can\/?s={search_term_string}\"},\"query-input\":{\"@type\":\"PropertyValueSpecification\",\"valueRequired\":true,\"valueName\":\"search_term_string\"}}],\"inLanguage\":\"en-CA\"},{\"@type\":\"Person\",\"@id\":\"https:\/\/www.absaroka-ip.com\/can\/#\/schema\/person\/52316efc92a6205a2e8dd2125b38f72e\",\"name\":\"Jean Decorps\",\"image\":{\"@type\":\"ImageObject\",\"inLanguage\":\"en-CA\",\"@id\":\"https:\/\/www.absaroka-ip.com\/can\/#\/schema\/person\/image\/\",\"url\":\"https:\/\/secure.gravatar.com\/avatar\/541982396c2d8c5115e1e9d039bb5328c643bdcb889ee0733e6fba76471ec71b?s=96&d=mm&r=g\",\"contentUrl\":\"https:\/\/secure.gravatar.com\/avatar\/541982396c2d8c5115e1e9d039bb5328c643bdcb889ee0733e6fba76471ec71b?s=96&d=mm&r=g\",\"caption\":\"Jean Decorps\"},\"url\":\"https:\/\/www.absaroka-ip.com\/can\/author\/contactabsaroka-ip-com\/\"}]}<\/script>\n<!-- \/ Yoast SEO plugin. -->","yoast_head_json":{"title":"EXPORTER DANS L'UNION EUROPEENNE - Absakorba","description":"ABSAROKA\u00a0 interviendra le 9 d\u00e9cembre lors du webinaire organis\u00e9 par DEL AGGLO de Longueuil, au cot\u00e9 de DESJARDINS sur le th\u00e8me de la PI en Europe:","robots":{"index":"index","follow":"follow","max-snippet":"max-snippet:-1","max-image-preview":"max-image-preview:large","max-video-preview":"max-video-preview:-1"},"canonical":"https:\/\/www.absaroka-ip.com\/can\/exporter-dans-lunion-europeenne\/","og_locale":"en_US","og_type":"article","og_title":"EXPORTER DANS L'UNION EUROPEENNE - Absakorba","og_description":"ABSAROKA\u00a0 interviendra le 9 d\u00e9cembre lors du webinaire organis\u00e9 par DEL AGGLO de Longueuil, au cot\u00e9 de DESJARDINS sur le th\u00e8me de la PI en Europe:","og_url":"https:\/\/www.absaroka-ip.com\/can\/exporter-dans-lunion-europeenne\/","og_site_name":"Absakorba","article_published_time":"2021-12-02T09:10:09+00:00","og_image":[{"width":906,"height":491,"url":"https:\/\/www.absaroka-ip.com\/wp-content\/uploads\/2016\/06\/logo.png","type":"image\/png"}],"author":"Jean Decorps","twitter_card":"summary_large_image","twitter_misc":{"Written by":"Jean Decorps","Est. reading time":"1 minute"},"schema":{"@context":"https:\/\/schema.org","@graph":[{"@type":"WebPage","@id":"https:\/\/www.absaroka-ip.com\/can\/exporter-dans-lunion-europeenne\/","url":"https:\/\/www.absaroka-ip.com\/can\/exporter-dans-lunion-europeenne\/","name":"EXPORTER DANS L'UNION EUROPEENNE - Absakorba","isPartOf":{"@id":"https:\/\/www.absaroka-ip.com\/can\/#website"},"datePublished":"2021-12-02T09:10:09+00:00","author":{"@id":"https:\/\/www.absaroka-ip.com\/can\/#\/schema\/person\/52316efc92a6205a2e8dd2125b38f72e"},"description":"ABSAROKA\u00a0 interviendra le 9 d\u00e9cembre lors du webinaire organis\u00e9 par DEL AGGLO de Longueuil, au cot\u00e9 de DESJARDINS sur le th\u00e8me de la PI en Europe:","breadcrumb":{"@id":"https:\/\/www.absaroka-ip.com\/can\/exporter-dans-lunion-europeenne\/#breadcrumb"},"inLanguage":"en-CA","potentialAction":[{"@type":"ReadAction","target":["https:\/\/www.absaroka-ip.com\/can\/exporter-dans-lunion-europeenne\/"]}]},{"@type":"BreadcrumbList","@id":"https:\/\/www.absaroka-ip.com\/can\/exporter-dans-lunion-europeenne\/#breadcrumb","itemListElement":[{"@type":"ListItem","position":1,"name":"Accueil","item":"https:\/\/www.absaroka-ip.com\/can\/"},{"@type":"ListItem","position":2,"name":"EXPORTER DANS L&#8217;UNION EUROPEENNE"}]},{"@type":"WebSite","@id":"https:\/\/www.absaroka-ip.com\/can\/#website","url":"https:\/\/www.absaroka-ip.com\/can\/","name":"Absakorba","description":"Un projet durable c\u2019est celui qui sait pr\u00e9server sa force une fois au grand jour.","potentialAction":[{"@type":"SearchAction","target":{"@type":"EntryPoint","urlTemplate":"https:\/\/www.absaroka-ip.com\/can\/?s={search_term_string}"},"query-input":{"@type":"PropertyValueSpecification","valueRequired":true,"valueName":"search_term_string"}}],"inLanguage":"en-CA"},{"@type":"Person","@id":"https:\/\/www.absaroka-ip.com\/can\/#\/schema\/person\/52316efc92a6205a2e8dd2125b38f72e","name":"Jean Decorps","image":{"@type":"ImageObject","inLanguage":"en-CA","@id":"https:\/\/www.absaroka-ip.com\/can\/#\/schema\/person\/image\/","url":"https:\/\/secure.gravatar.com\/avatar\/541982396c2d8c5115e1e9d039bb5328c643bdcb889ee0733e6fba76471ec71b?s=96&d=mm&r=g","contentUrl":"https:\/\/secure.gravatar.com\/avatar\/541982396c2d8c5115e1e9d039bb5328c643bdcb889ee0733e6fba76471ec71b?s=96&d=mm&r=g","caption":"Jean Decorps"},"url":"https:\/\/www.absaroka-ip.com\/can\/author\/contactabsaroka-ip-com\/"}]}},"_links":{"self":[{"href":"https:\/\/www.absaroka-ip.com\/can\/wp-json\/wp\/v2\/posts\/687","targetHints":{"allow":["GET"]}}],"collection":[{"href":"https:\/\/www.absaroka-ip.com\/can\/wp-json\/wp\/v2\/posts"}],"about":[{"href":"https:\/\/www.absaroka-ip.com\/can\/wp-json\/wp\/v2\/types\/post"}],"author":[{"embeddable":true,"href":"https:\/\/www.absaroka-ip.com\/can\/wp-json\/wp\/v2\/users\/2"}],"replies":[{"embeddable":true,"href":"https:\/\/www.absaroka-ip.com\/can\/wp-json\/wp\/v2\/comments?post=687"}],"version-history":[{"count":2,"href":"https:\/\/www.absaroka-ip.com\/can\/wp-json\/wp\/v2\/posts\/687\/revisions"}],"predecessor-version":[{"id":689,"href":"https:\/\/www.absaroka-ip.com\/can\/wp-json\/wp\/v2\/posts\/687\/revisions\/689"}],"wp:attachment":[{"href":"https:\/\/www.absaroka-ip.com\/can\/wp-json\/wp\/v2\/media?parent=687"}],"curies":[{"name":"wp","href":"https:\/\/api.w.org\/{rel}","templated":true}]}}