{"id":666,"date":"2020-10-04T17:22:29","date_gmt":"2020-10-04T15:22:29","guid":{"rendered":"https:\/\/www.absaroka-ip.com\/?p=666"},"modified":"2020-10-04T17:22:29","modified_gmt":"2020-10-04T15:22:29","slug":"mardi-6-octobre-2020-conference-p-i-le-cas-europeen-comment-vous-proteger","status":"publish","type":"post","link":"https:\/\/www.absaroka-ip.com\/can\/mardi-6-octobre-2020-conference-p-i-le-cas-europeen-comment-vous-proteger\/","title":{"rendered":"mardi 6 octobre 2020:  Conf\u00e9rence P.I. le cas europ\u00e9en, comment vous prot\u00e9ger?"},"content":{"rendered":"<p>INNOV &amp; EXPORT de Rimouski avec le r\u00e9seau Commerce International du Qu\u00e9bec organise un webinaire le mardi 6 octobre 2020 de 9H \u00e0 11h\u00a0 sur le th\u00e8me de la Propri\u00e9t\u00e9 Industrielle en Europe. Jean DECORPS interviendra sur les derni\u00e8res \u00e9volutions concernant la France, la comparaison avec d&#8217;autres pays en Europe et l&#8217;impact\u00a0 de ces changements sur une strat\u00e9gie d&#8217;exportation et r\u00e9pondra \u00e0 vos questions.<\/p>\n<p>Plus de renseignement et inscription : info@iepme.com<\/p>\n","protected":false},"excerpt":{"rendered":"<p>INNOV &amp; EXPORT de Rimouski avec le r\u00e9seau Commerce International du Qu\u00e9bec organise un webinaire le mardi 6 octobre 2020 de 9H \u00e0 11h\u00a0 sur le th\u00e8me de la Propri\u00e9t\u00e9 Industrielle en Europe. Jean DECORPS interviendra sur les derni\u00e8res \u00e9volutions concernant la France, la comparaison avec d&#8217;autres pays en Europe et l&#8217;impact\u00a0 de ces changements [&hellip;]<\/p>\n","protected":false},"author":2,"featured_media":0,"comment_status":"closed","ping_status":"open","sticky":false,"template":"","format":"standard","meta":{"footnotes":""},"class_list":["post-666","post","type-post","status-publish","format-standard","hentry"],"yoast_head":"<!-- This site is optimized with the Yoast SEO plugin v26.3 - https:\/\/yoast.com\/wordpress\/plugins\/seo\/ -->\n<title>mardi 6 octobre 2020: Conf\u00e9rence P.I. le cas europ\u00e9en, comment vous prot\u00e9ger? - Absakorba<\/title>\n<meta name=\"description\" content=\"INNOV &amp; EXPORT de Rimouski avec le r\u00e9seau Commerce International du Qu\u00e9bec organise un webinaire le mardi 6 octobre 2020 de 9H \u00e0 11h\u00a0 sur le th\u00e8me de\" \/>\n<meta name=\"robots\" content=\"index, follow, max-snippet:-1, max-image-preview:large, max-video-preview:-1\" \/>\n<link rel=\"canonical\" href=\"https:\/\/www.absaroka-ip.com\/can\/mardi-6-octobre-2020-conference-p-i-le-cas-europeen-comment-vous-proteger\/\" \/>\n<meta property=\"og:locale\" content=\"en_US\" \/>\n<meta property=\"og:type\" content=\"article\" \/>\n<meta property=\"og:title\" content=\"mardi 6 octobre 2020: Conf\u00e9rence P.I. le cas europ\u00e9en, comment vous prot\u00e9ger? - Absakorba\" \/>\n<meta property=\"og:description\" content=\"INNOV &amp; EXPORT de Rimouski avec le r\u00e9seau Commerce International du Qu\u00e9bec organise un webinaire le mardi 6 octobre 2020 de 9H \u00e0 11h\u00a0 sur le th\u00e8me de\" \/>\n<meta property=\"og:url\" content=\"https:\/\/www.absaroka-ip.com\/can\/mardi-6-octobre-2020-conference-p-i-le-cas-europeen-comment-vous-proteger\/\" \/>\n<meta property=\"og:site_name\" content=\"Absakorba\" \/>\n<meta property=\"article:published_time\" content=\"2020-10-04T15:22:29+00:00\" \/>\n<meta property=\"og:image\" content=\"https:\/\/www.absaroka-ip.com\/wp-content\/uploads\/2016\/06\/logo.png\" \/>\n\t<meta property=\"og:image:width\" content=\"906\" \/>\n\t<meta property=\"og:image:height\" content=\"491\" \/>\n\t<meta property=\"og:image:type\" content=\"image\/png\" \/>\n<meta name=\"author\" content=\"Jean Decorps\" \/>\n<meta name=\"twitter:card\" content=\"summary_large_image\" \/>\n<meta name=\"twitter:label1\" content=\"Written by\" \/>\n\t<meta name=\"twitter:data1\" content=\"Jean Decorps\" \/>\n<script type=\"application\/ld+json\" class=\"yoast-schema-graph\">{\"@context\":\"https:\/\/schema.org\",\"@graph\":[{\"@type\":\"WebPage\",\"@id\":\"https:\/\/www.absaroka-ip.com\/can\/mardi-6-octobre-2020-conference-p-i-le-cas-europeen-comment-vous-proteger\/\",\"url\":\"https:\/\/www.absaroka-ip.com\/can\/mardi-6-octobre-2020-conference-p-i-le-cas-europeen-comment-vous-proteger\/\",\"name\":\"mardi 6 octobre 2020: Conf\u00e9rence P.I. le cas europ\u00e9en, comment vous prot\u00e9ger? - Absakorba\",\"isPartOf\":{\"@id\":\"https:\/\/www.absaroka-ip.com\/can\/#website\"},\"datePublished\":\"2020-10-04T15:22:29+00:00\",\"author\":{\"@id\":\"https:\/\/www.absaroka-ip.com\/can\/#\/schema\/person\/52316efc92a6205a2e8dd2125b38f72e\"},\"description\":\"INNOV &amp; EXPORT de Rimouski avec le r\u00e9seau Commerce International du Qu\u00e9bec organise un webinaire le mardi 6 octobre 2020 de 9H \u00e0 11h\u00a0 sur le th\u00e8me de\",\"breadcrumb\":{\"@id\":\"https:\/\/www.absaroka-ip.com\/can\/mardi-6-octobre-2020-conference-p-i-le-cas-europeen-comment-vous-proteger\/#breadcrumb\"},\"inLanguage\":\"en-CA\",\"potentialAction\":[{\"@type\":\"ReadAction\",\"target\":[\"https:\/\/www.absaroka-ip.com\/can\/mardi-6-octobre-2020-conference-p-i-le-cas-europeen-comment-vous-proteger\/\"]}]},{\"@type\":\"BreadcrumbList\",\"@id\":\"https:\/\/www.absaroka-ip.com\/can\/mardi-6-octobre-2020-conference-p-i-le-cas-europeen-comment-vous-proteger\/#breadcrumb\",\"itemListElement\":[{\"@type\":\"ListItem\",\"position\":1,\"name\":\"Accueil\",\"item\":\"https:\/\/www.absaroka-ip.com\/can\/\"},{\"@type\":\"ListItem\",\"position\":2,\"name\":\"mardi 6 octobre 2020: Conf\u00e9rence P.I. le cas europ\u00e9en, comment vous prot\u00e9ger?\"}]},{\"@type\":\"WebSite\",\"@id\":\"https:\/\/www.absaroka-ip.com\/can\/#website\",\"url\":\"https:\/\/www.absaroka-ip.com\/can\/\",\"name\":\"Absakorba\",\"description\":\"Un projet durable c\u2019est celui qui sait pr\u00e9server sa force une fois au grand jour.\",\"potentialAction\":[{\"@type\":\"SearchAction\",\"target\":{\"@type\":\"EntryPoint\",\"urlTemplate\":\"https:\/\/www.absaroka-ip.com\/can\/?s={search_term_string}\"},\"query-input\":{\"@type\":\"PropertyValueSpecification\",\"valueRequired\":true,\"valueName\":\"search_term_string\"}}],\"inLanguage\":\"en-CA\"},{\"@type\":\"Person\",\"@id\":\"https:\/\/www.absaroka-ip.com\/can\/#\/schema\/person\/52316efc92a6205a2e8dd2125b38f72e\",\"name\":\"Jean Decorps\",\"image\":{\"@type\":\"ImageObject\",\"inLanguage\":\"en-CA\",\"@id\":\"https:\/\/www.absaroka-ip.com\/can\/#\/schema\/person\/image\/\",\"url\":\"https:\/\/secure.gravatar.com\/avatar\/541982396c2d8c5115e1e9d039bb5328c643bdcb889ee0733e6fba76471ec71b?s=96&d=mm&r=g\",\"contentUrl\":\"https:\/\/secure.gravatar.com\/avatar\/541982396c2d8c5115e1e9d039bb5328c643bdcb889ee0733e6fba76471ec71b?s=96&d=mm&r=g\",\"caption\":\"Jean Decorps\"},\"url\":\"https:\/\/www.absaroka-ip.com\/can\/author\/contactabsaroka-ip-com\/\"}]}<\/script>\n<!-- \/ Yoast SEO plugin. -->","yoast_head_json":{"title":"mardi 6 octobre 2020: Conf\u00e9rence P.I. le cas europ\u00e9en, comment vous prot\u00e9ger? - Absakorba","description":"INNOV &amp; EXPORT de Rimouski avec le r\u00e9seau Commerce International du Qu\u00e9bec organise un webinaire le mardi 6 octobre 2020 de 9H \u00e0 11h\u00a0 sur le th\u00e8me de","robots":{"index":"index","follow":"follow","max-snippet":"max-snippet:-1","max-image-preview":"max-image-preview:large","max-video-preview":"max-video-preview:-1"},"canonical":"https:\/\/www.absaroka-ip.com\/can\/mardi-6-octobre-2020-conference-p-i-le-cas-europeen-comment-vous-proteger\/","og_locale":"en_US","og_type":"article","og_title":"mardi 6 octobre 2020: Conf\u00e9rence P.I. le cas europ\u00e9en, comment vous prot\u00e9ger? - Absakorba","og_description":"INNOV &amp; EXPORT de Rimouski avec le r\u00e9seau Commerce International du Qu\u00e9bec organise un webinaire le mardi 6 octobre 2020 de 9H \u00e0 11h\u00a0 sur le th\u00e8me de","og_url":"https:\/\/www.absaroka-ip.com\/can\/mardi-6-octobre-2020-conference-p-i-le-cas-europeen-comment-vous-proteger\/","og_site_name":"Absakorba","article_published_time":"2020-10-04T15:22:29+00:00","og_image":[{"width":906,"height":491,"url":"https:\/\/www.absaroka-ip.com\/wp-content\/uploads\/2016\/06\/logo.png","type":"image\/png"}],"author":"Jean Decorps","twitter_card":"summary_large_image","twitter_misc":{"Written by":"Jean Decorps"},"schema":{"@context":"https:\/\/schema.org","@graph":[{"@type":"WebPage","@id":"https:\/\/www.absaroka-ip.com\/can\/mardi-6-octobre-2020-conference-p-i-le-cas-europeen-comment-vous-proteger\/","url":"https:\/\/www.absaroka-ip.com\/can\/mardi-6-octobre-2020-conference-p-i-le-cas-europeen-comment-vous-proteger\/","name":"mardi 6 octobre 2020: Conf\u00e9rence P.I. le cas europ\u00e9en, comment vous prot\u00e9ger? - Absakorba","isPartOf":{"@id":"https:\/\/www.absaroka-ip.com\/can\/#website"},"datePublished":"2020-10-04T15:22:29+00:00","author":{"@id":"https:\/\/www.absaroka-ip.com\/can\/#\/schema\/person\/52316efc92a6205a2e8dd2125b38f72e"},"description":"INNOV &amp; EXPORT de Rimouski avec le r\u00e9seau Commerce International du Qu\u00e9bec organise un webinaire le mardi 6 octobre 2020 de 9H \u00e0 11h\u00a0 sur le th\u00e8me de","breadcrumb":{"@id":"https:\/\/www.absaroka-ip.com\/can\/mardi-6-octobre-2020-conference-p-i-le-cas-europeen-comment-vous-proteger\/#breadcrumb"},"inLanguage":"en-CA","potentialAction":[{"@type":"ReadAction","target":["https:\/\/www.absaroka-ip.com\/can\/mardi-6-octobre-2020-conference-p-i-le-cas-europeen-comment-vous-proteger\/"]}]},{"@type":"BreadcrumbList","@id":"https:\/\/www.absaroka-ip.com\/can\/mardi-6-octobre-2020-conference-p-i-le-cas-europeen-comment-vous-proteger\/#breadcrumb","itemListElement":[{"@type":"ListItem","position":1,"name":"Accueil","item":"https:\/\/www.absaroka-ip.com\/can\/"},{"@type":"ListItem","position":2,"name":"mardi 6 octobre 2020: Conf\u00e9rence P.I. le cas europ\u00e9en, comment vous prot\u00e9ger?"}]},{"@type":"WebSite","@id":"https:\/\/www.absaroka-ip.com\/can\/#website","url":"https:\/\/www.absaroka-ip.com\/can\/","name":"Absakorba","description":"Un projet durable c\u2019est celui qui sait pr\u00e9server sa force une fois au grand jour.","potentialAction":[{"@type":"SearchAction","target":{"@type":"EntryPoint","urlTemplate":"https:\/\/www.absaroka-ip.com\/can\/?s={search_term_string}"},"query-input":{"@type":"PropertyValueSpecification","valueRequired":true,"valueName":"search_term_string"}}],"inLanguage":"en-CA"},{"@type":"Person","@id":"https:\/\/www.absaroka-ip.com\/can\/#\/schema\/person\/52316efc92a6205a2e8dd2125b38f72e","name":"Jean Decorps","image":{"@type":"ImageObject","inLanguage":"en-CA","@id":"https:\/\/www.absaroka-ip.com\/can\/#\/schema\/person\/image\/","url":"https:\/\/secure.gravatar.com\/avatar\/541982396c2d8c5115e1e9d039bb5328c643bdcb889ee0733e6fba76471ec71b?s=96&d=mm&r=g","contentUrl":"https:\/\/secure.gravatar.com\/avatar\/541982396c2d8c5115e1e9d039bb5328c643bdcb889ee0733e6fba76471ec71b?s=96&d=mm&r=g","caption":"Jean Decorps"},"url":"https:\/\/www.absaroka-ip.com\/can\/author\/contactabsaroka-ip-com\/"}]}},"_links":{"self":[{"href":"https:\/\/www.absaroka-ip.com\/can\/wp-json\/wp\/v2\/posts\/666","targetHints":{"allow":["GET"]}}],"collection":[{"href":"https:\/\/www.absaroka-ip.com\/can\/wp-json\/wp\/v2\/posts"}],"about":[{"href":"https:\/\/www.absaroka-ip.com\/can\/wp-json\/wp\/v2\/types\/post"}],"author":[{"embeddable":true,"href":"https:\/\/www.absaroka-ip.com\/can\/wp-json\/wp\/v2\/users\/2"}],"replies":[{"embeddable":true,"href":"https:\/\/www.absaroka-ip.com\/can\/wp-json\/wp\/v2\/comments?post=666"}],"version-history":[{"count":1,"href":"https:\/\/www.absaroka-ip.com\/can\/wp-json\/wp\/v2\/posts\/666\/revisions"}],"predecessor-version":[{"id":667,"href":"https:\/\/www.absaroka-ip.com\/can\/wp-json\/wp\/v2\/posts\/666\/revisions\/667"}],"wp:attachment":[{"href":"https:\/\/www.absaroka-ip.com\/can\/wp-json\/wp\/v2\/media?parent=666"}],"curies":[{"name":"wp","href":"https:\/\/api.w.org\/{rel}","templated":true}]}}