{"id":379,"date":"2019-04-10T10:33:15","date_gmt":"2019-04-10T08:33:15","guid":{"rendered":"https:\/\/absaroka.scopika.com\/?p=379"},"modified":"2019-04-23T10:05:08","modified_gmt":"2019-04-23T08:05:08","slug":"jean-decorps-present-lors-dune-matinee-sur-les-opportunites-daffaires-offertes-par-le-marche-francais","status":"publish","type":"post","link":"https:\/\/www.absaroka-ip.com\/can\/jean-decorps-present-lors-dune-matinee-sur-les-opportunites-daffaires-offertes-par-le-marche-francais\/","title":{"rendered":"Jean DECORPS pr\u00e9sent \u00e0 Qu\u00e9bec lors d&#8217;une matin\u00e9e sur les opportunit\u00e9s d\u2019affaires offertes par le march\u00e9 fran\u00e7ais"},"content":{"rendered":"<div class=\"wpb-content-wrapper\"><p>[vc_row][vc_column][vc_column_text]Le mardi 30 avril 2019, dans le cadre d\u2019une matin\u00e9e sur le march\u00e9 fran\u00e7ais qui aura lieu dans les locaux de Qu\u00e9bec International , en pr\u00e9sence de Madame la Consule G\u00e9n\u00e9rale de France, Jean DECORPS aura le plaisir de pr\u00e9senter la r\u00e9forme des brevets fran\u00e7ais.<\/p>\n<p><strong>Programme et inscription sur le <a href=\"https:\/\/www.quebecinternational.ca\/fr\/evenements\/inscription-la-france-un-veritable-tremplin-pour-acceder-au-grand-marche-europeen-59824298086\" rel=\"noopener noreferrer\" target=\"_blank\">site de Qu\u00e9bec international<\/a><\/strong>[\/vc_column_text]<div class=\" ubtn-ctn-left bouton rouge\"><a class=\"ubtn-link ult-adjust-bottom-margin ubtn-left ubtn-normal bouton rouge\" href=\"https:\/\/www.quebecinternational.ca\/fr\/evenements\/inscription-la-france-un-veritable-tremplin-pour-acceder-au-grand-marche-europeen-59824298086\" target=\"_blank\" rel=\"noopener\" ><button type=\"button\" id=\"ubtn-3168\"  class=\"ubtn ult-adjust-bottom-margin ult-responsive ubtn-normal ubtn-no-hover-bg  none  ubtn-left   tooltip-69f706d045f53\"  data-hover=\"\" data-border-color=\"\" data-bg=\"#e0e0e0\" data-hover-bg=\"\" data-border-hover=\"\" data-shadow-hover=\"\" data-shadow-click=\"none\" data-shadow=\"\" data-shd-shadow=\"\"  data-ultimate-target='#ubtn-3168'  data-responsive-json-new='{\"font-size\":\"\",\"line-height\":\"\"}'  style=\"font-weight:normal;border:none;background: #e0e0e0;color: #000000;\"><span class=\"ubtn-hover\" style=\"background-color:\"><\/span><span class=\"ubtn-data ubtn-text \" >Plus d&#039;informations<\/span><\/button><\/a><\/div>[\/vc_column][\/vc_row]<\/p>\n<\/div>","protected":false},"excerpt":{"rendered":"<p>[vc_row][vc_column][vc_column_text]Le mardi 30 avril 2019, dans le cadre d\u2019une matin\u00e9e sur le march\u00e9 fran\u00e7ais qui aura lieu dans les locaux de Qu\u00e9bec International , en pr\u00e9sence de Madame la Consule G\u00e9n\u00e9rale de France, Jean DECORPS aura le plaisir de pr\u00e9senter la r\u00e9forme des brevets fran\u00e7ais. Programme et inscription sur le site de Qu\u00e9bec international[\/vc_column_text][\/vc_column][\/vc_row]<\/p>\n","protected":false},"author":1,"featured_media":0,"comment_status":"closed","ping_status":"open","sticky":false,"template":"","format":"standard","meta":{"footnotes":""},"class_list":["post-379","post","type-post","status-publish","format-standard","hentry"],"yoast_head":"<!-- This site is optimized with the Yoast SEO plugin v26.3 - https:\/\/yoast.com\/wordpress\/plugins\/seo\/ -->\n<title>Jean DECORPS pr\u00e9sent \u00e0 Qu\u00e9bec lors d&#039;une matin\u00e9e sur les opportunit\u00e9s d\u2019affaires offertes par le march\u00e9 fran\u00e7ais - Absakorba<\/title>\n<meta name=\"description\" content=\"Le mardi 30 avril 2019, dans le cadre d\u2019une matin\u00e9e sur le march\u00e9 fran\u00e7ais qui aura lieu dans les locaux de Qu\u00e9bec International , en pr\u00e9sence de Madame\" \/>\n<meta name=\"robots\" content=\"index, follow, max-snippet:-1, max-image-preview:large, max-video-preview:-1\" \/>\n<link rel=\"canonical\" href=\"https:\/\/www.absaroka-ip.com\/can\/jean-decorps-present-lors-dune-matinee-sur-les-opportunites-daffaires-offertes-par-le-marche-francais\/\" \/>\n<meta property=\"og:locale\" content=\"en_US\" \/>\n<meta property=\"og:type\" content=\"article\" \/>\n<meta property=\"og:title\" content=\"Jean DECORPS pr\u00e9sent \u00e0 Qu\u00e9bec lors d&#039;une matin\u00e9e sur les opportunit\u00e9s d\u2019affaires offertes par le march\u00e9 fran\u00e7ais - Absakorba\" \/>\n<meta property=\"og:description\" content=\"Le mardi 30 avril 2019, dans le cadre d\u2019une matin\u00e9e sur le march\u00e9 fran\u00e7ais qui aura lieu dans les locaux de Qu\u00e9bec International , en pr\u00e9sence de Madame\" \/>\n<meta property=\"og:url\" content=\"https:\/\/www.absaroka-ip.com\/can\/jean-decorps-present-lors-dune-matinee-sur-les-opportunites-daffaires-offertes-par-le-marche-francais\/\" \/>\n<meta property=\"og:site_name\" content=\"Absakorba\" \/>\n<meta property=\"article:published_time\" content=\"2019-04-10T08:33:15+00:00\" \/>\n<meta property=\"article:modified_time\" content=\"2019-04-23T08:05:08+00:00\" \/>\n<meta property=\"og:image\" content=\"https:\/\/www.absaroka-ip.com\/wp-content\/uploads\/2016\/06\/logo.png\" \/>\n\t<meta property=\"og:image:width\" content=\"906\" \/>\n\t<meta property=\"og:image:height\" content=\"491\" \/>\n\t<meta property=\"og:image:type\" content=\"image\/png\" \/>\n<meta name=\"author\" content=\"scopika\" \/>\n<meta name=\"twitter:card\" content=\"summary_large_image\" \/>\n<meta name=\"twitter:label1\" content=\"Written by\" \/>\n\t<meta name=\"twitter:data1\" content=\"scopika\" \/>\n\t<meta name=\"twitter:label2\" content=\"Est. reading time\" \/>\n\t<meta name=\"twitter:data2\" content=\"1 minute\" \/>\n<script type=\"application\/ld+json\" class=\"yoast-schema-graph\">{\"@context\":\"https:\/\/schema.org\",\"@graph\":[{\"@type\":\"WebPage\",\"@id\":\"https:\/\/www.absaroka-ip.com\/can\/jean-decorps-present-lors-dune-matinee-sur-les-opportunites-daffaires-offertes-par-le-marche-francais\/\",\"url\":\"https:\/\/www.absaroka-ip.com\/can\/jean-decorps-present-lors-dune-matinee-sur-les-opportunites-daffaires-offertes-par-le-marche-francais\/\",\"name\":\"Jean DECORPS pr\u00e9sent \u00e0 Qu\u00e9bec lors d'une matin\u00e9e sur les opportunit\u00e9s d\u2019affaires offertes par le march\u00e9 fran\u00e7ais - Absakorba\",\"isPartOf\":{\"@id\":\"https:\/\/www.absaroka-ip.com\/can\/#website\"},\"datePublished\":\"2019-04-10T08:33:15+00:00\",\"dateModified\":\"2019-04-23T08:05:08+00:00\",\"author\":{\"@id\":\"https:\/\/www.absaroka-ip.com\/can\/#\/schema\/person\/e6046d03ec3fd395ceaaccfdfcafb880\"},\"description\":\"Le mardi 30 avril 2019, dans le cadre d\u2019une matin\u00e9e sur le march\u00e9 fran\u00e7ais qui aura lieu dans les locaux de Qu\u00e9bec International , en pr\u00e9sence de Madame\",\"breadcrumb\":{\"@id\":\"https:\/\/www.absaroka-ip.com\/can\/jean-decorps-present-lors-dune-matinee-sur-les-opportunites-daffaires-offertes-par-le-marche-francais\/#breadcrumb\"},\"inLanguage\":\"en-CA\",\"potentialAction\":[{\"@type\":\"ReadAction\",\"target\":[\"https:\/\/www.absaroka-ip.com\/can\/jean-decorps-present-lors-dune-matinee-sur-les-opportunites-daffaires-offertes-par-le-marche-francais\/\"]}]},{\"@type\":\"BreadcrumbList\",\"@id\":\"https:\/\/www.absaroka-ip.com\/can\/jean-decorps-present-lors-dune-matinee-sur-les-opportunites-daffaires-offertes-par-le-marche-francais\/#breadcrumb\",\"itemListElement\":[{\"@type\":\"ListItem\",\"position\":1,\"name\":\"Accueil\",\"item\":\"https:\/\/www.absaroka-ip.com\/can\/\"},{\"@type\":\"ListItem\",\"position\":2,\"name\":\"Jean DECORPS pr\u00e9sent \u00e0 Qu\u00e9bec lors d&#8217;une matin\u00e9e sur les opportunit\u00e9s d\u2019affaires offertes par le march\u00e9 fran\u00e7ais\"}]},{\"@type\":\"WebSite\",\"@id\":\"https:\/\/www.absaroka-ip.com\/can\/#website\",\"url\":\"https:\/\/www.absaroka-ip.com\/can\/\",\"name\":\"Absakorba\",\"description\":\"Un projet durable c\u2019est celui qui sait pr\u00e9server sa force une fois au grand jour.\",\"potentialAction\":[{\"@type\":\"SearchAction\",\"target\":{\"@type\":\"EntryPoint\",\"urlTemplate\":\"https:\/\/www.absaroka-ip.com\/can\/?s={search_term_string}\"},\"query-input\":{\"@type\":\"PropertyValueSpecification\",\"valueRequired\":true,\"valueName\":\"search_term_string\"}}],\"inLanguage\":\"en-CA\"},{\"@type\":\"Person\",\"@id\":\"https:\/\/www.absaroka-ip.com\/can\/#\/schema\/person\/e6046d03ec3fd395ceaaccfdfcafb880\",\"name\":\"scopika\",\"image\":{\"@type\":\"ImageObject\",\"inLanguage\":\"en-CA\",\"@id\":\"https:\/\/www.absaroka-ip.com\/can\/#\/schema\/person\/image\/\",\"url\":\"https:\/\/secure.gravatar.com\/avatar\/5da0fb6c2f147a49620a43e9d3cfc8ee202188ff8865fb111429770e9bc8f732?s=96&d=mm&r=g\",\"contentUrl\":\"https:\/\/secure.gravatar.com\/avatar\/5da0fb6c2f147a49620a43e9d3cfc8ee202188ff8865fb111429770e9bc8f732?s=96&d=mm&r=g\",\"caption\":\"scopika\"},\"url\":\"https:\/\/www.absaroka-ip.com\/can\/author\/scopika\/\"}]}<\/script>\n<!-- \/ Yoast SEO plugin. -->","yoast_head_json":{"title":"Jean DECORPS pr\u00e9sent \u00e0 Qu\u00e9bec lors d'une matin\u00e9e sur les opportunit\u00e9s d\u2019affaires offertes par le march\u00e9 fran\u00e7ais - Absakorba","description":"Le mardi 30 avril 2019, dans le cadre d\u2019une matin\u00e9e sur le march\u00e9 fran\u00e7ais qui aura lieu dans les locaux de Qu\u00e9bec International , en pr\u00e9sence de Madame","robots":{"index":"index","follow":"follow","max-snippet":"max-snippet:-1","max-image-preview":"max-image-preview:large","max-video-preview":"max-video-preview:-1"},"canonical":"https:\/\/www.absaroka-ip.com\/can\/jean-decorps-present-lors-dune-matinee-sur-les-opportunites-daffaires-offertes-par-le-marche-francais\/","og_locale":"en_US","og_type":"article","og_title":"Jean DECORPS pr\u00e9sent \u00e0 Qu\u00e9bec lors d'une matin\u00e9e sur les opportunit\u00e9s d\u2019affaires offertes par le march\u00e9 fran\u00e7ais - Absakorba","og_description":"Le mardi 30 avril 2019, dans le cadre d\u2019une matin\u00e9e sur le march\u00e9 fran\u00e7ais qui aura lieu dans les locaux de Qu\u00e9bec International , en pr\u00e9sence de Madame","og_url":"https:\/\/www.absaroka-ip.com\/can\/jean-decorps-present-lors-dune-matinee-sur-les-opportunites-daffaires-offertes-par-le-marche-francais\/","og_site_name":"Absakorba","article_published_time":"2019-04-10T08:33:15+00:00","article_modified_time":"2019-04-23T08:05:08+00:00","og_image":[{"width":906,"height":491,"url":"https:\/\/www.absaroka-ip.com\/wp-content\/uploads\/2016\/06\/logo.png","type":"image\/png"}],"author":"scopika","twitter_card":"summary_large_image","twitter_misc":{"Written by":"scopika","Est. reading time":"1 minute"},"schema":{"@context":"https:\/\/schema.org","@graph":[{"@type":"WebPage","@id":"https:\/\/www.absaroka-ip.com\/can\/jean-decorps-present-lors-dune-matinee-sur-les-opportunites-daffaires-offertes-par-le-marche-francais\/","url":"https:\/\/www.absaroka-ip.com\/can\/jean-decorps-present-lors-dune-matinee-sur-les-opportunites-daffaires-offertes-par-le-marche-francais\/","name":"Jean DECORPS pr\u00e9sent \u00e0 Qu\u00e9bec lors d'une matin\u00e9e sur les opportunit\u00e9s d\u2019affaires offertes par le march\u00e9 fran\u00e7ais - Absakorba","isPartOf":{"@id":"https:\/\/www.absaroka-ip.com\/can\/#website"},"datePublished":"2019-04-10T08:33:15+00:00","dateModified":"2019-04-23T08:05:08+00:00","author":{"@id":"https:\/\/www.absaroka-ip.com\/can\/#\/schema\/person\/e6046d03ec3fd395ceaaccfdfcafb880"},"description":"Le mardi 30 avril 2019, dans le cadre d\u2019une matin\u00e9e sur le march\u00e9 fran\u00e7ais qui aura lieu dans les locaux de Qu\u00e9bec International , en pr\u00e9sence de Madame","breadcrumb":{"@id":"https:\/\/www.absaroka-ip.com\/can\/jean-decorps-present-lors-dune-matinee-sur-les-opportunites-daffaires-offertes-par-le-marche-francais\/#breadcrumb"},"inLanguage":"en-CA","potentialAction":[{"@type":"ReadAction","target":["https:\/\/www.absaroka-ip.com\/can\/jean-decorps-present-lors-dune-matinee-sur-les-opportunites-daffaires-offertes-par-le-marche-francais\/"]}]},{"@type":"BreadcrumbList","@id":"https:\/\/www.absaroka-ip.com\/can\/jean-decorps-present-lors-dune-matinee-sur-les-opportunites-daffaires-offertes-par-le-marche-francais\/#breadcrumb","itemListElement":[{"@type":"ListItem","position":1,"name":"Accueil","item":"https:\/\/www.absaroka-ip.com\/can\/"},{"@type":"ListItem","position":2,"name":"Jean DECORPS pr\u00e9sent \u00e0 Qu\u00e9bec lors d&#8217;une matin\u00e9e sur les opportunit\u00e9s d\u2019affaires offertes par le march\u00e9 fran\u00e7ais"}]},{"@type":"WebSite","@id":"https:\/\/www.absaroka-ip.com\/can\/#website","url":"https:\/\/www.absaroka-ip.com\/can\/","name":"Absakorba","description":"Un projet durable c\u2019est celui qui sait pr\u00e9server sa force une fois au grand jour.","potentialAction":[{"@type":"SearchAction","target":{"@type":"EntryPoint","urlTemplate":"https:\/\/www.absaroka-ip.com\/can\/?s={search_term_string}"},"query-input":{"@type":"PropertyValueSpecification","valueRequired":true,"valueName":"search_term_string"}}],"inLanguage":"en-CA"},{"@type":"Person","@id":"https:\/\/www.absaroka-ip.com\/can\/#\/schema\/person\/e6046d03ec3fd395ceaaccfdfcafb880","name":"scopika","image":{"@type":"ImageObject","inLanguage":"en-CA","@id":"https:\/\/www.absaroka-ip.com\/can\/#\/schema\/person\/image\/","url":"https:\/\/secure.gravatar.com\/avatar\/5da0fb6c2f147a49620a43e9d3cfc8ee202188ff8865fb111429770e9bc8f732?s=96&d=mm&r=g","contentUrl":"https:\/\/secure.gravatar.com\/avatar\/5da0fb6c2f147a49620a43e9d3cfc8ee202188ff8865fb111429770e9bc8f732?s=96&d=mm&r=g","caption":"scopika"},"url":"https:\/\/www.absaroka-ip.com\/can\/author\/scopika\/"}]}},"_links":{"self":[{"href":"https:\/\/www.absaroka-ip.com\/can\/wp-json\/wp\/v2\/posts\/379","targetHints":{"allow":["GET"]}}],"collection":[{"href":"https:\/\/www.absaroka-ip.com\/can\/wp-json\/wp\/v2\/posts"}],"about":[{"href":"https:\/\/www.absaroka-ip.com\/can\/wp-json\/wp\/v2\/types\/post"}],"author":[{"embeddable":true,"href":"https:\/\/www.absaroka-ip.com\/can\/wp-json\/wp\/v2\/users\/1"}],"replies":[{"embeddable":true,"href":"https:\/\/www.absaroka-ip.com\/can\/wp-json\/wp\/v2\/comments?post=379"}],"version-history":[{"count":6,"href":"https:\/\/www.absaroka-ip.com\/can\/wp-json\/wp\/v2\/posts\/379\/revisions"}],"predecessor-version":[{"id":469,"href":"https:\/\/www.absaroka-ip.com\/can\/wp-json\/wp\/v2\/posts\/379\/revisions\/469"}],"wp:attachment":[{"href":"https:\/\/www.absaroka-ip.com\/can\/wp-json\/wp\/v2\/media?parent=379"}],"curies":[{"name":"wp","href":"https:\/\/api.w.org\/{rel}","templated":true}]}}